{"id":130,"date":"2020-08-20T10:43:37","date_gmt":"2020-08-20T13:43:37","guid":{"rendered":"https:\/\/palmiericonsultoria.com.br\/blog\/?p=130"},"modified":"2020-08-20T10:43:37","modified_gmt":"2020-08-20T13:43:37","slug":"se-um-trabalhador-for-demitido-ele-pode-continuar-com-o-plano-de-saude","status":"publish","type":"post","link":"https:\/\/palmiericonsultoria.com.br\/blog\/se-um-trabalhador-for-demitido-ele-pode-continuar-com-o-plano-de-saude\/","title":{"rendered":"Se um trabalhador for demitido, ele  pode continuar com o plano de sa\u00fade?"},"content":{"rendered":"\n<h3>Ap\u00f3s sua demiss\u00e3o quem pagar\u00e1 o valor das mensalidades?<\/h3>\n\n\n\n<p>O benefici\u00e1rio que optar por continuar usufruindo do plano de sa\u00fade ap\u00f3s a demiss\u00e3o ser\u00e1 o respons\u00e1vel pelo pagamento integral das mensalidades, com exce\u00e7\u00e3o de casos em que haja disposi\u00e7\u00e3o em sentido diverso prevista em negocia\u00e7\u00e3o coletiva.<\/p>\n\n\n\n<h3>Por quanto tempo \u00e9 permitida a perman\u00eancia ap\u00f3s a demiss\u00e3o?<\/h3>\n\n\n\n<p>No caso dos&nbsp;<strong>empregados dispensados sem justa causa<\/strong>&nbsp;\u00e9 poss\u00edvel a perman\u00eancia pelo per\u00edodo correspondente a&nbsp;<strong>1\/3 do tempo em que contribuiu<\/strong>&nbsp;com o custeio durante a vig\u00eancia do contrato de trabalho, sendo assegurado o per\u00edodo&nbsp;<strong>m\u00ednimo de 6 meses e m\u00e1ximo de 24 meses<\/strong>.<\/p>\n\n\n\n<p><strong>Mas fique atento<\/strong>: o direito \u00e0 perman\u00eancia \u00e9 encerrado quando da admiss\u00e3o em novo emprego que ofere\u00e7a o benef\u00edcio de assist\u00eancia m\u00e9dica.<\/p>\n\n\n\n<p>J\u00e1 quando se trata de aposentadoria, o&nbsp;<strong>empregado aposentado<\/strong>&nbsp;que tenha sido descontado regularmente, isto \u00e9,&nbsp;<strong>contribu\u00eddo com o plano de sa\u00fade pelo per\u00edodo m\u00ednimo de 10 anos<\/strong>, poder\u00e1 permanecer como benefici\u00e1rio de forma vital\u00edcia.<\/p>\n\n\n\n<p>Nos casos em que o aposentado&nbsp;<strong>contribuiu por tempo inferior a 10 anos<\/strong>, ser\u00e1 assegurada a perman\u00eancia pelo per\u00edodo de&nbsp;<strong>um ano para cada ano de contribui\u00e7\u00e3o<\/strong>.<\/p>\n\n\n\n<p>Lembrando que em ambos os casos o custeio das mensalidades ser\u00e1 de responsabilidade integral do benefici\u00e1rio que optar pela perman\u00eancia.<\/p>\n\n\n\n<h3>E dependentes, tamb\u00e9m t\u00eam direito?<\/h3>\n\n\n\n<p>Sim, o direito \u00e0 perman\u00eancia \u00e9 igualmente extensivo aos dependentes, sendo permitida, ainda, a inclus\u00e3o de c\u00f4njuge e filhos ap\u00f3s a dispensa, durante o per\u00edodo em que o titular permanecer como benefici\u00e1rio.<\/p>\n\n\n\n<p>Portanto, vimos que em determinados casos \u00e9 poss\u00edvel manter o plano de sa\u00fade mesmo ap\u00f3s a demiss\u00e3o, com o devido custeio, o que \u00e9 vantajoso j\u00e1 que, dentre outros pontos, n\u00e3o ser\u00e1 necess\u00e1rio cumprir novo per\u00edodo de car\u00eancia.<\/p>\n\n\n\n<p><\/p>\n","protected":false},"excerpt":{"rendered":"<p>Ap\u00f3s sua demiss\u00e3o quem pagar\u00e1 o valor das mensalidades? O benefici\u00e1rio que optar por continuar usufruindo do plano de sa\u00fade ap\u00f3s a demiss\u00e3o ser\u00e1 o respons\u00e1vel pelo pagamento integral das mensalidades, com exce\u00e7\u00e3o de casos em que haja disposi\u00e7\u00e3o em sentido diverso prevista em negocia\u00e7\u00e3o coletiva. Por quanto tempo \u00e9 permitida a perman\u00eancia ap\u00f3s a [&hellip;]<\/p>\n","protected":false},"author":1,"featured_media":0,"comment_status":"open","ping_status":"open","sticky":false,"template":"","format":"standard","meta":[],"categories":[33,2],"tags":[275,279,280,274,158,18,128,278,68,282,281,276,14,283,273,272,277,13,271],"yoast_head":"<!-- This site is optimized with the Yoast SEO plugin v16.5 - https:\/\/yoast.com\/wordpress\/plugins\/seo\/ -->\n<title>Se um trabalhador for demitido, ele pode continuar com o plano de sa\u00fade? - Palmieri Consultoria<\/title>\n<meta name=\"robots\" content=\"index, follow, max-snippet:-1, max-image-preview:large, max-video-preview:-1\" \/>\n<link rel=\"canonical\" href=\"https:\/\/palmiericonsultoria.com.br\/blog\/se-um-trabalhador-for-demitido-ele-pode-continuar-com-o-plano-de-saude\/\" \/>\n<meta property=\"og:locale\" content=\"pt_BR\" \/>\n<meta property=\"og:type\" content=\"article\" \/>\n<meta property=\"og:title\" content=\"Se um trabalhador for demitido, ele pode continuar com o plano de sa\u00fade? - Palmieri Consultoria\" \/>\n<meta property=\"og:description\" content=\"Ap\u00f3s sua demiss\u00e3o quem pagar\u00e1 o valor das mensalidades? O benefici\u00e1rio que optar por continuar usufruindo do plano de sa\u00fade ap\u00f3s a demiss\u00e3o ser\u00e1 o respons\u00e1vel pelo pagamento integral das mensalidades, com exce\u00e7\u00e3o de casos em que haja disposi\u00e7\u00e3o em sentido diverso prevista em negocia\u00e7\u00e3o coletiva. Por quanto tempo \u00e9 permitida a perman\u00eancia ap\u00f3s a [&hellip;]\" \/>\n<meta property=\"og:url\" content=\"https:\/\/palmiericonsultoria.com.br\/blog\/se-um-trabalhador-for-demitido-ele-pode-continuar-com-o-plano-de-saude\/\" \/>\n<meta property=\"og:site_name\" content=\"Palmieri Consultoria\" \/>\n<meta property=\"article:published_time\" content=\"2020-08-20T13:43:37+00:00\" \/>\n<meta name=\"twitter:card\" content=\"summary_large_image\" \/>\n<meta name=\"twitter:label1\" content=\"Est. tempo de leitura\" \/>\n\t<meta name=\"twitter:data1\" content=\"2 minutos\" \/>\n<script type=\"application\/ld+json\" class=\"yoast-schema-graph\">{\"@context\":\"https:\/\/schema.org\",\"@graph\":[{\"@type\":\"WebSite\",\"@id\":\"https:\/\/palmiericonsultoria.com.br\/blog\/#website\",\"url\":\"https:\/\/palmiericonsultoria.com.br\/blog\/\",\"name\":\"Palmieri Consultoria\",\"description\":\"CONTABILIDADE, FISCAL e PLANEJAMENTO TRIBUT\\u00c1RIO; GEST\\u00c3O DE RH, DP, TERCEIRIZA\\u00c7\\u00c3O DE FOLHA e LEGALIZA\\u00c7\\u00c3O\",\"potentialAction\":[{\"@type\":\"SearchAction\",\"target\":\"https:\/\/palmiericonsultoria.com.br\/blog\/?s={search_term_string}\",\"query-input\":\"required name=search_term_string\"}],\"inLanguage\":\"pt-BR\"},{\"@type\":\"WebPage\",\"@id\":\"https:\/\/palmiericonsultoria.com.br\/blog\/se-um-trabalhador-for-demitido-ele-pode-continuar-com-o-plano-de-saude\/#webpage\",\"url\":\"https:\/\/palmiericonsultoria.com.br\/blog\/se-um-trabalhador-for-demitido-ele-pode-continuar-com-o-plano-de-saude\/\",\"name\":\"Se um trabalhador for demitido, ele pode continuar com o plano de sa\\u00fade? - Palmieri Consultoria\",\"isPartOf\":{\"@id\":\"https:\/\/palmiericonsultoria.com.br\/blog\/#website\"},\"datePublished\":\"2020-08-20T13:43:37+00:00\",\"dateModified\":\"2020-08-20T13:43:37+00:00\",\"author\":{\"@id\":\"https:\/\/palmiericonsultoria.com.br\/blog\/#\/schema\/person\/c12544a64f44407db3f16ad9a689b583\"},\"breadcrumb\":{\"@id\":\"https:\/\/palmiericonsultoria.com.br\/blog\/se-um-trabalhador-for-demitido-ele-pode-continuar-com-o-plano-de-saude\/#breadcrumb\"},\"inLanguage\":\"pt-BR\",\"potentialAction\":[{\"@type\":\"ReadAction\",\"target\":[\"https:\/\/palmiericonsultoria.com.br\/blog\/se-um-trabalhador-for-demitido-ele-pode-continuar-com-o-plano-de-saude\/\"]}]},{\"@type\":\"BreadcrumbList\",\"@id\":\"https:\/\/palmiericonsultoria.com.br\/blog\/se-um-trabalhador-for-demitido-ele-pode-continuar-com-o-plano-de-saude\/#breadcrumb\",\"itemListElement\":[{\"@type\":\"ListItem\",\"position\":1,\"name\":\"In\\u00edcio\",\"item\":\"https:\/\/palmiericonsultoria.com.br\/blog\/\"},{\"@type\":\"ListItem\",\"position\":2,\"name\":\"Se um trabalhador for demitido, ele pode continuar com o plano de sa\\u00fade?\"}]},{\"@type\":\"Person\",\"@id\":\"https:\/\/palmiericonsultoria.com.br\/blog\/#\/schema\/person\/c12544a64f44407db3f16ad9a689b583\",\"name\":\"admin\",\"image\":{\"@type\":\"ImageObject\",\"@id\":\"https:\/\/palmiericonsultoria.com.br\/blog\/#personlogo\",\"inLanguage\":\"pt-BR\",\"url\":\"https:\/\/secure.gravatar.com\/avatar\/a7529d25eb3f013ca61a2f058c6ca0c5?s=96&d=mm&r=g\",\"contentUrl\":\"https:\/\/secure.gravatar.com\/avatar\/a7529d25eb3f013ca61a2f058c6ca0c5?s=96&d=mm&r=g\",\"caption\":\"admin\"},\"url\":\"https:\/\/palmiericonsultoria.com.br\/blog\/author\/admin\/\"}]}<\/script>\n<!-- \/ Yoast SEO plugin. -->","_links":{"self":[{"href":"https:\/\/palmiericonsultoria.com.br\/blog\/wp-json\/wp\/v2\/posts\/130"}],"collection":[{"href":"https:\/\/palmiericonsultoria.com.br\/blog\/wp-json\/wp\/v2\/posts"}],"about":[{"href":"https:\/\/palmiericonsultoria.com.br\/blog\/wp-json\/wp\/v2\/types\/post"}],"author":[{"embeddable":true,"href":"https:\/\/palmiericonsultoria.com.br\/blog\/wp-json\/wp\/v2\/users\/1"}],"replies":[{"embeddable":true,"href":"https:\/\/palmiericonsultoria.com.br\/blog\/wp-json\/wp\/v2\/comments?post=130"}],"version-history":[{"count":1,"href":"https:\/\/palmiericonsultoria.com.br\/blog\/wp-json\/wp\/v2\/posts\/130\/revisions"}],"predecessor-version":[{"id":131,"href":"https:\/\/palmiericonsultoria.com.br\/blog\/wp-json\/wp\/v2\/posts\/130\/revisions\/131"}],"wp:attachment":[{"href":"https:\/\/palmiericonsultoria.com.br\/blog\/wp-json\/wp\/v2\/media?parent=130"}],"wp:term":[{"taxonomy":"category","embeddable":true,"href":"https:\/\/palmiericonsultoria.com.br\/blog\/wp-json\/wp\/v2\/categories?post=130"},{"taxonomy":"post_tag","embeddable":true,"href":"https:\/\/palmiericonsultoria.com.br\/blog\/wp-json\/wp\/v2\/tags?post=130"}],"curies":[{"name":"wp","href":"https:\/\/api.w.org\/{rel}","templated":true}]}}