{"id":358,"date":"2021-06-16T16:26:37","date_gmt":"2021-06-16T19:26:37","guid":{"rendered":"https:\/\/palmiericonsultoria.com.br\/blog\/?p=358"},"modified":"2021-06-16T16:40:31","modified_gmt":"2021-06-16T19:40:31","slug":"voce-sabe-o-que-e-o-auxilio-inclusao","status":"publish","type":"post","link":"https:\/\/palmiericonsultoria.com.br\/blog\/voce-sabe-o-que-e-o-auxilio-inclusao\/","title":{"rendered":"VOC\u00ca SABE O QUE \u00c9 O AUX\u00cdLIO-INCLUS\u00c3O?"},"content":{"rendered":"\n<figure class=\"wp-block-image size-large\"><img loading=\"lazy\" width=\"1024\" height=\"576\" src=\"https:\/\/palmiericonsultoria.com.br\/blog\/wp-content\/uploads\/2021\/06\/11-98743-4543-3-1024x576.jpg\" alt=\"\" class=\"wp-image-361\" srcset=\"https:\/\/palmiericonsultoria.com.br\/blog\/wp-content\/uploads\/2021\/06\/11-98743-4543-3-1024x576.jpg 1024w, https:\/\/palmiericonsultoria.com.br\/blog\/wp-content\/uploads\/2021\/06\/11-98743-4543-3-300x169.jpg 300w, https:\/\/palmiericonsultoria.com.br\/blog\/wp-content\/uploads\/2021\/06\/11-98743-4543-3-768x432.jpg 768w, https:\/\/palmiericonsultoria.com.br\/blog\/wp-content\/uploads\/2021\/06\/11-98743-4543-3-1536x864.jpg 1536w, https:\/\/palmiericonsultoria.com.br\/blog\/wp-content\/uploads\/2021\/06\/11-98743-4543-3.jpg 1920w\" sizes=\"(max-width: 1024px) 100vw, 1024px\" \/><\/figure>\n\n\n\n<p>VOC\u00ca SABE O QUE \u00c9 O AUX\u00cdLIO-INCLUS\u00c3O? ENT\u00c3O VAMOS EXPLICAR COME\u00c7ANDO PELO &#8211; BPC: QUE \u00c9 O Benef\u00edcio de Presta\u00e7\u00e3o Continuada, um aux\u00edlio pago no valor de um sal\u00e1rio m\u00ednimo (R$ 1.100) a idosos acima de 65 anos e deficientes que comprovem n\u00e3o ter meios de prover a pr\u00f3pria manuten\u00e7\u00e3o. Pela regra atual, o benef\u00edcio deixa de ser pago quando esse p\u00fablico assina um contrato de trabalho. Mas, para pessoas com defici\u00eancia e de baixa renda, essa regra pode mudar.<\/p>\n\n\n\n<p><br>POIS o governo quer ajudar esses benefici\u00e1rios a ingressarem no mercado de trabalho e pretende pagar metade do BPC a eles quando encontrarem um emprego de at\u00e9 dois sal\u00e1rios m\u00ednimos, ou seja, R$ 2.200.<\/p>\n\n\n\n<p>A nova regra, que far\u00e1 com que o benef\u00edcio para essas pessoas mude de nome e passe a chamar aux\u00edlio-inclus\u00e3o, j\u00e1 foi aprovada pelo Legislativo em uma medida provis\u00f3ria e deve ser sancionada pelo presidente Jair Bolsonaro ainda neste m\u00eas.<\/p>\n\n\n\n<p><br>o governo explica que o valor do auxilio-inclus\u00e3o se somar\u00e1 ao do sal\u00e1rio da carteira de trabalho. Assim, a pessoa com defici\u00eancia receber\u00e1 mais do que a renda se permanecer com o BPC integral. Isso dever\u00e1 reduzir os gastos com o BPC, mas o governo ainda n\u00e3o informou o impacto da medida.<\/p>\n\n\n\n<p><br>De acordo com a legisla\u00e7\u00e3o federal, empresas com cem ou mais funcion\u00e1rios s\u00e3o obrigadas a ocupar de 2% a 5% de seus cargos com pessoas com defici\u00eancia. Diante disso, a equipe econ\u00f4mica espera que cerca de 300 mil vagas para trabalhadores com defici\u00eancia sejam preenchidas.<\/p>\n","protected":false},"excerpt":{"rendered":"<p>VOC\u00ca SABE O QUE \u00c9 O AUX\u00cdLIO-INCLUS\u00c3O? ENT\u00c3O VAMOS EXPLICAR COME\u00c7ANDO PELO &#8211; BPC: QUE \u00c9 O Benef\u00edcio de Presta\u00e7\u00e3o Continuada, um aux\u00edlio pago no valor de um sal\u00e1rio m\u00ednimo (R$ 1.100) a idosos acima de 65 anos e deficientes que comprovem n\u00e3o ter meios de prover a pr\u00f3pria manuten\u00e7\u00e3o. Pela regra atual, o benef\u00edcio [&hellip;]<\/p>\n","protected":false},"author":1,"featured_media":0,"comment_status":"open","ping_status":"open","sticky":false,"template":"","format":"standard","meta":[],"categories":[1],"tags":[43,912,913,915,100,920,916,917,914,137,919,918,116],"yoast_head":"<!-- This site is optimized with the Yoast SEO plugin v16.5 - https:\/\/yoast.com\/wordpress\/plugins\/seo\/ -->\n<title>VOC\u00ca SABE O QUE \u00c9 O AUX\u00cdLIO-INCLUS\u00c3O? - Palmieri Consultoria<\/title>\n<meta name=\"robots\" content=\"index, follow, max-snippet:-1, max-image-preview:large, max-video-preview:-1\" \/>\n<link rel=\"canonical\" href=\"https:\/\/palmiericonsultoria.com.br\/blog\/voce-sabe-o-que-e-o-auxilio-inclusao\/\" \/>\n<meta property=\"og:locale\" content=\"pt_BR\" \/>\n<meta property=\"og:type\" content=\"article\" \/>\n<meta property=\"og:title\" content=\"VOC\u00ca SABE O QUE \u00c9 O AUX\u00cdLIO-INCLUS\u00c3O? - Palmieri Consultoria\" \/>\n<meta property=\"og:description\" content=\"VOC\u00ca SABE O QUE \u00c9 O AUX\u00cdLIO-INCLUS\u00c3O? ENT\u00c3O VAMOS EXPLICAR COME\u00c7ANDO PELO &#8211; BPC: QUE \u00c9 O Benef\u00edcio de Presta\u00e7\u00e3o Continuada, um aux\u00edlio pago no valor de um sal\u00e1rio m\u00ednimo (R$ 1.100) a idosos acima de 65 anos e deficientes que comprovem n\u00e3o ter meios de prover a pr\u00f3pria manuten\u00e7\u00e3o. Pela regra atual, o benef\u00edcio [&hellip;]\" \/>\n<meta property=\"og:url\" content=\"https:\/\/palmiericonsultoria.com.br\/blog\/voce-sabe-o-que-e-o-auxilio-inclusao\/\" \/>\n<meta property=\"og:site_name\" content=\"Palmieri Consultoria\" \/>\n<meta property=\"article:published_time\" content=\"2021-06-16T19:26:37+00:00\" \/>\n<meta property=\"article:modified_time\" content=\"2021-06-16T19:40:31+00:00\" \/>\n<meta property=\"og:image\" content=\"https:\/\/palmiericonsultoria.com.br\/blog\/wp-content\/uploads\/2021\/06\/11-98743-4543-3-1024x576.jpg\" \/>\n<meta name=\"twitter:card\" content=\"summary_large_image\" \/>\n<meta name=\"twitter:label1\" content=\"Est. tempo de leitura\" \/>\n\t<meta name=\"twitter:data1\" content=\"2 minutos\" \/>\n<script type=\"application\/ld+json\" class=\"yoast-schema-graph\">{\"@context\":\"https:\/\/schema.org\",\"@graph\":[{\"@type\":\"WebSite\",\"@id\":\"https:\/\/palmiericonsultoria.com.br\/blog\/#website\",\"url\":\"https:\/\/palmiericonsultoria.com.br\/blog\/\",\"name\":\"Palmieri Consultoria\",\"description\":\"CONTABILIDADE, FISCAL e PLANEJAMENTO TRIBUT\\u00c1RIO; GEST\\u00c3O DE RH, DP, TERCEIRIZA\\u00c7\\u00c3O DE FOLHA e LEGALIZA\\u00c7\\u00c3O\",\"potentialAction\":[{\"@type\":\"SearchAction\",\"target\":\"https:\/\/palmiericonsultoria.com.br\/blog\/?s={search_term_string}\",\"query-input\":\"required name=search_term_string\"}],\"inLanguage\":\"pt-BR\"},{\"@type\":\"ImageObject\",\"@id\":\"https:\/\/palmiericonsultoria.com.br\/blog\/voce-sabe-o-que-e-o-auxilio-inclusao\/#primaryimage\",\"inLanguage\":\"pt-BR\",\"url\":\"https:\/\/palmiericonsultoria.com.br\/blog\/wp-content\/uploads\/2021\/06\/11-98743-4543-3.jpg\",\"contentUrl\":\"https:\/\/palmiericonsultoria.com.br\/blog\/wp-content\/uploads\/2021\/06\/11-98743-4543-3.jpg\",\"width\":1920,\"height\":1080},{\"@type\":\"WebPage\",\"@id\":\"https:\/\/palmiericonsultoria.com.br\/blog\/voce-sabe-o-que-e-o-auxilio-inclusao\/#webpage\",\"url\":\"https:\/\/palmiericonsultoria.com.br\/blog\/voce-sabe-o-que-e-o-auxilio-inclusao\/\",\"name\":\"VOC\\u00ca SABE O QUE \\u00c9 O AUX\\u00cdLIO-INCLUS\\u00c3O? - Palmieri Consultoria\",\"isPartOf\":{\"@id\":\"https:\/\/palmiericonsultoria.com.br\/blog\/#website\"},\"primaryImageOfPage\":{\"@id\":\"https:\/\/palmiericonsultoria.com.br\/blog\/voce-sabe-o-que-e-o-auxilio-inclusao\/#primaryimage\"},\"datePublished\":\"2021-06-16T19:26:37+00:00\",\"dateModified\":\"2021-06-16T19:40:31+00:00\",\"author\":{\"@id\":\"https:\/\/palmiericonsultoria.com.br\/blog\/#\/schema\/person\/c12544a64f44407db3f16ad9a689b583\"},\"breadcrumb\":{\"@id\":\"https:\/\/palmiericonsultoria.com.br\/blog\/voce-sabe-o-que-e-o-auxilio-inclusao\/#breadcrumb\"},\"inLanguage\":\"pt-BR\",\"potentialAction\":[{\"@type\":\"ReadAction\",\"target\":[\"https:\/\/palmiericonsultoria.com.br\/blog\/voce-sabe-o-que-e-o-auxilio-inclusao\/\"]}]},{\"@type\":\"BreadcrumbList\",\"@id\":\"https:\/\/palmiericonsultoria.com.br\/blog\/voce-sabe-o-que-e-o-auxilio-inclusao\/#breadcrumb\",\"itemListElement\":[{\"@type\":\"ListItem\",\"position\":1,\"name\":\"In\\u00edcio\",\"item\":\"https:\/\/palmiericonsultoria.com.br\/blog\/\"},{\"@type\":\"ListItem\",\"position\":2,\"name\":\"VOC\\u00ca SABE O QUE \\u00c9 O AUX\\u00cdLIO-INCLUS\\u00c3O?\"}]},{\"@type\":\"Person\",\"@id\":\"https:\/\/palmiericonsultoria.com.br\/blog\/#\/schema\/person\/c12544a64f44407db3f16ad9a689b583\",\"name\":\"admin\",\"image\":{\"@type\":\"ImageObject\",\"@id\":\"https:\/\/palmiericonsultoria.com.br\/blog\/#personlogo\",\"inLanguage\":\"pt-BR\",\"url\":\"https:\/\/secure.gravatar.com\/avatar\/a7529d25eb3f013ca61a2f058c6ca0c5?s=96&d=mm&r=g\",\"contentUrl\":\"https:\/\/secure.gravatar.com\/avatar\/a7529d25eb3f013ca61a2f058c6ca0c5?s=96&d=mm&r=g\",\"caption\":\"admin\"},\"url\":\"https:\/\/palmiericonsultoria.com.br\/blog\/author\/admin\/\"}]}<\/script>\n<!-- \/ Yoast SEO plugin. -->","_links":{"self":[{"href":"https:\/\/palmiericonsultoria.com.br\/blog\/wp-json\/wp\/v2\/posts\/358"}],"collection":[{"href":"https:\/\/palmiericonsultoria.com.br\/blog\/wp-json\/wp\/v2\/posts"}],"about":[{"href":"https:\/\/palmiericonsultoria.com.br\/blog\/wp-json\/wp\/v2\/types\/post"}],"author":[{"embeddable":true,"href":"https:\/\/palmiericonsultoria.com.br\/blog\/wp-json\/wp\/v2\/users\/1"}],"replies":[{"embeddable":true,"href":"https:\/\/palmiericonsultoria.com.br\/blog\/wp-json\/wp\/v2\/comments?post=358"}],"version-history":[{"count":2,"href":"https:\/\/palmiericonsultoria.com.br\/blog\/wp-json\/wp\/v2\/posts\/358\/revisions"}],"predecessor-version":[{"id":362,"href":"https:\/\/palmiericonsultoria.com.br\/blog\/wp-json\/wp\/v2\/posts\/358\/revisions\/362"}],"wp:attachment":[{"href":"https:\/\/palmiericonsultoria.com.br\/blog\/wp-json\/wp\/v2\/media?parent=358"}],"wp:term":[{"taxonomy":"category","embeddable":true,"href":"https:\/\/palmiericonsultoria.com.br\/blog\/wp-json\/wp\/v2\/categories?post=358"},{"taxonomy":"post_tag","embeddable":true,"href":"https:\/\/palmiericonsultoria.com.br\/blog\/wp-json\/wp\/v2\/tags?post=358"}],"curies":[{"name":"wp","href":"https:\/\/api.w.org\/{rel}","templated":true}]}}